{"id":2381,"date":"2012-04-26T08:19:40","date_gmt":"2012-04-26T12:19:40","guid":{"rendered":"http:\/\/eclectico.effetdesurprise.qc.ca\/?p=2381"},"modified":"2012-04-26T08:38:00","modified_gmt":"2012-04-26T12:38:00","slug":"entrevue-accordee-au-cafe-pedagogique","status":"publish","type":"post","link":"https:\/\/eclectico.effetdesurprise.qc.ca\/?p=2381","title":{"rendered":"Entrevue accord\u00e9e au Caf\u00e9 p\u00e9dagogique"},"content":{"rendered":"<p style=\"text-align: justify;\"><a href=\"http:\/\/eclectico.effetdesurprise.qc.ca\/wp-content\/uploads\/2010\/11\/reflexions.jpg\"><img decoding=\"async\" loading=\"lazy\" class=\"alignleft size-full wp-image-7\" style=\"margin-top: 4px; margin-bottom: 4px; margin-left: 2px; margin-right: 2px;\" title=\"reflexions\" src=\"http:\/\/eclectico.effetdesurprise.qc.ca\/wp-content\/uploads\/2010\/11\/reflexions.jpg\" alt=\"\" width=\"70\" height=\"75\" \/><\/a>C&rsquo;est avec joie que j&rsquo;ai accueilli la proposition de Jean-Michel Le Baut (@<a href=\"https:\/\/twitter.com\/#!\/search\/JMLeBaut\" target=\"_blank\">JMLeBaut<\/a>) de r\u00e9pondre \u00e0 quelques questions dans le cadre d&rsquo;un <a href=\"http:\/\/www.cafepedagogique.net\/lemensuel\/lenseignant\/lettres\/francais\/Pages\/2012\/132_MoniqueLePailleurentretien.aspx\" target=\"_blank\">entretien<\/a> portant sur l&rsquo;\u00e9criture collaborative. J&rsquo;y ai vu une occasion r\u00eav\u00e9e d&rsquo;effectuer la synth\u00e8se des projets que j&rsquo;ai men\u00e9s au cours des derniers mois en Twitt\u00e9rature, d&rsquo;y mettre en relief les r\u00e9sultats de ces productions collectives et interactives \u00a0en plus \u00a0de pouvoir \u00a0jeter un m\u00e9taregard sur les exp\u00e9riences r\u00e9alis\u00e9es avec l&rsquo;aide de la communaut\u00e9 twitterienne. L&rsquo;int\u00e9r\u00eat \u00e9tait vivifi\u00e9 par la perspective de m&rsquo;adresser directement aux enseignants auxquels le <a href=\"http:\/\/www.cafepedagogique.net\/lemensuel\/Pages\/132_Sommaire.aspx\" target=\"_blank\">Mensuel du Caf\u00e9 p\u00e9dagogique<\/a> (@<a href=\"https:\/\/twitter.com\/#!\/cafepedagogique\" target=\"_blank\">Caf\u00e9p\u00e9dagogique<\/a>) est prioritairement destin\u00e9.<\/p>\n<p style=\"text-align: justify;\"><a href=\"http:\/\/eclectico.effetdesurprise.qc.ca\/wp-content\/uploads\/2012\/01\/communautweet.png\"><img decoding=\"async\" loading=\"lazy\" class=\"size-medium wp-image-2333 alignleft\" title=\"communautweet\" src=\"http:\/\/eclectico.effetdesurprise.qc.ca\/wp-content\/uploads\/2012\/01\/communautweet-300x200.png\" alt=\"\" width=\"300\" height=\"200\" srcset=\"https:\/\/eclectico.effetdesurprise.qc.ca\/wp-content\/uploads\/2012\/01\/communautweet-300x200.png 300w, https:\/\/eclectico.effetdesurprise.qc.ca\/wp-content\/uploads\/2012\/01\/communautweet.png 715w\" sizes=\"(max-width: 300px) 100vw, 300px\" \/><\/a>Bien que les d\u00e9fis twitt\u00e9raires d&rsquo;inspiration oulipienne aient \u00e9t\u00e9 v\u00e9cus dans un cadre ludique, rien n&#8217;emp\u00eache qu&rsquo;ils soient \u00e9ventuellement transpos\u00e9s \u00e0 des fins p\u00e9dagogiques principalement \u00e0 l&rsquo;\u00e8re du Web 2.0 qui nous invite \u00e0 interagir davantage et \u00e0 \u00a0cr\u00e9er \u00e0 plusieurs. Voici donc le <a href=\"http:\/\/www.cafepedagogique.net\/lemensuel\/lenseignant\/lettres\/francais\/Pages\/132_Sommaire.aspx\" target=\"_blank\">sommaire<\/a> du dernier \u00a0num\u00e9ro en date du 23 avril 2012 qui met en \u00e9vidence les exp\u00e9riences fructueuses tent\u00e9es \u00a0 dans des salles \u00a0de classe novatrices en France \u00ab\u00a0<a href=\"http:\/\/www.cafepedagogique.net\/lemensuel\/lenseignant\/lettres\/francais\/Pages\/132_Sommaire.aspx\" target=\"_blank\">\u00c0 la une: co\u00e9critures<\/a>\u00ab\u00a0, \u00a0de m\u00eame que l<a href=\"http:\/\/www.cafepedagogique.net\/lemensuel\/lenseignant\/lettres\/francais\/Pages\/2012\/132_MoniqueLePailleurentretien.aspx\" target=\"_blank\">&lsquo;entrevue<\/a> accord\u00e9e au responsable de ce dossier qui a \u00e9t\u00e9, en plus, \u00a0l&rsquo;un de nos pr\u00e9cieux collaborateurs lors des d\u00e9fis twitt\u00e9raires propos\u00e9s. Je le remercie vivement pour cette opportunit\u00e9 et j&rsquo;en profite pour le f\u00e9liciter pour son implication aupr\u00e8s de son groupe de lyc\u00e9ens qu&rsquo;il accompagne avec une cr\u00e9ativit\u00e9 inspirante.<\/p>\n","protected":false},"excerpt":{"rendered":"<p>C&rsquo;est avec joie que j&rsquo;ai accueilli la proposition de Jean-Michel Le Baut (@JMLeBaut) de r\u00e9pondre \u00e0 quelques questions dans le cadre d&rsquo;un entretien portant sur l&rsquo;\u00e9criture collaborative. J&rsquo;y ai vu une occasion r\u00eav\u00e9e d&rsquo;effectuer la synth\u00e8se des projets que j&rsquo;ai &hellip; <a href=\"https:\/\/eclectico.effetdesurprise.qc.ca\/?p=2381\">Continuer la lecture <span class=\"meta-nav\">&rarr;<\/span><\/a><\/p>\n","protected":false},"author":2,"featured_media":0,"comment_status":"open","ping_status":"open","sticky":false,"template":"","format":"standard","meta":[],"categories":[1],"tags":[60,59,26],"_links":{"self":[{"href":"https:\/\/eclectico.effetdesurprise.qc.ca\/index.php?rest_route=\/wp\/v2\/posts\/2381"}],"collection":[{"href":"https:\/\/eclectico.effetdesurprise.qc.ca\/index.php?rest_route=\/wp\/v2\/posts"}],"about":[{"href":"https:\/\/eclectico.effetdesurprise.qc.ca\/index.php?rest_route=\/wp\/v2\/types\/post"}],"author":[{"embeddable":true,"href":"https:\/\/eclectico.effetdesurprise.qc.ca\/index.php?rest_route=\/wp\/v2\/users\/2"}],"replies":[{"embeddable":true,"href":"https:\/\/eclectico.effetdesurprise.qc.ca\/index.php?rest_route=%2Fwp%2Fv2%2Fcomments&post=2381"}],"version-history":[{"count":16,"href":"https:\/\/eclectico.effetdesurprise.qc.ca\/index.php?rest_route=\/wp\/v2\/posts\/2381\/revisions"}],"predecessor-version":[{"id":2399,"href":"https:\/\/eclectico.effetdesurprise.qc.ca\/index.php?rest_route=\/wp\/v2\/posts\/2381\/revisions\/2399"}],"wp:attachment":[{"href":"https:\/\/eclectico.effetdesurprise.qc.ca\/index.php?rest_route=%2Fwp%2Fv2%2Fmedia&parent=2381"}],"wp:term":[{"taxonomy":"category","embeddable":true,"href":"https:\/\/eclectico.effetdesurprise.qc.ca\/index.php?rest_route=%2Fwp%2Fv2%2Fcategories&post=2381"},{"taxonomy":"post_tag","embeddable":true,"href":"https:\/\/eclectico.effetdesurprise.qc.ca\/index.php?rest_route=%2Fwp%2Fv2%2Ftags&post=2381"}],"curies":[{"name":"wp","href":"https:\/\/api.w.org\/{rel}","templated":true}]}}