{"id":1978,"date":"2011-11-23T09:07:16","date_gmt":"2011-11-23T13:07:16","guid":{"rendered":"http:\/\/eclectico.effetdesurprise.qc.ca\/?p=1978"},"modified":"2012-01-07T09:34:56","modified_gmt":"2012-01-07T13:34:56","slug":"retour-sur-l%e2%80%99experience-du-twitteroman-sans-e","status":"publish","type":"post","link":"https:\/\/eclectico.effetdesurprise.qc.ca\/?p=1978","title":{"rendered":"Retour sur l\u2019exp\u00e9rience du twitteroman sans E"},"content":{"rendered":"<p><strong><a href=\"http:\/\/eclectico.effetdesurprise.qc.ca\/wp-content\/uploads\/2010\/11\/reflexions.jpg\"><img decoding=\"async\" loading=\"lazy\" class=\"size-full wp-image-7 alignleft\" style=\"margin-top: 4px; margin-bottom: 4px; margin-left: 2px; margin-right: 2px;\" title=\"reflexions\" src=\"http:\/\/eclectico.effetdesurprise.qc.ca\/wp-content\/uploads\/2010\/11\/reflexions.jpg\" alt=\"\" width=\"70\" height=\"75\" \/><\/a><\/strong><strong> <\/strong><\/p>\n<p><strong> <\/strong><\/p>\n<p><span style=\"color: #ffffff;\"><strong><br \/>\n<\/strong><\/span><\/p>\n<p><strong> <\/strong><\/p>\n<p><strong>Contexte exploratoire<\/strong><\/p>\n<p style=\"text-align: justify;\">Avec le recul de quelques mois, je me rends \u00a0compte \u00e0 quel point cette \u00a0coconstruction d\u00e9veloppementale d&rsquo; un twitteroman collectif \u00e9tait risqu\u00e9e. D\u2019o\u00f9 m\u2019\u00e9tait venue cette id\u00e9e folle? \u00a0L\u2019OuLiPo c\u00e9l\u00e9brait en 2011 son demi-si\u00e8cle d\u2019existence et je tenais \u00e0 \u00a0le souligner \u00a0<em><a href=\"http:\/\/eclectico.effetdesurprise.qc.ca\/?p=135\" target=\"_blank\">Envie de revisiter l\u2019OuLiPo?!<\/a><\/em> Puisque le mois de la nanolitt\u00e9rature venait tout juste de se terminer, l\u2019occasion \u00e9tait belle \u00a0non seulement de conjuguer ces deux univers, mais encore d\u2019y explorer des avenues encore peu fr\u00e9quent\u00e9es d\u2019\u00e9criture collaborative. \u00c9videmment, si le projet\u00a0 a pu s&rsquo;actualiser au printemps 2011, c\u2019est gr\u00e2ce \u00e0 l\u2019implication confiante de ma communaut\u00e9\u00a0 twitterienne soucieuse d\u2019innovation.<\/p>\n<p><strong>Pourquoi maintenant?<\/strong><\/p>\n<p style=\"text-align: justify;\">\u00c9tant donn\u00e9 que le th\u00e8me du <a href=\"http:\/\/www.aqpf.qc.ca\/index.cfm?p=page&amp;id=72\" target=\"_blank\">Congr\u00e8s 2011 de l\u2019AQPF<\/a> portait sur l\u2019\u00e9nergie, j\u2019y\u00a0 ai vu une possibilit\u00e9 de partager, en compagnie d\u2019<a href=\"http:\/\/twitter.com\/#!\/AndreRoux\" target=\"_blank\">@AndreRoux<\/a>, cette exp\u00e9rience de cocr\u00e9ation \u00a0interactive \u00a0 ayant eu lieu du 6 mars au \u00a016 avril 2011, et qui a donn\u00e9 \u00a0<em><strong>Tourbillon<\/strong><\/em> (<a href=\"http:\/\/eclectico.effetdesurprise.qc.ca\/?p=220\" target=\"_blank\">notre twitteroman sans E<\/a>). C\u2019est dans ce lieu bien nomm\u00e9 de la Cit\u00e9 de l\u2019\u00e9nergie (Shawinigan) que \u00a0la pr\u00e9sentation \u00a0intitul\u00e9e\u00a0<em>\u00ab\u00a0<a href=\"http:\/\/www.aqpf.qc.ca\/commun.cfm?incl=congres\/activites\/colloqueDetailActivite&amp;id=364\" target=\"_blank\">Avec l\u2019\u00e9nergie de tous <\/a>\u00bb <\/em>a donc \u00e9t\u00e9 offerte en ce 4 novembre 2011. \u00a0 Il nous a fallu trouver <em>a posteriori <\/em>des objectifs pour ce projet, car\u00a0\u00a0ils n\u2019\u00e9taient aucunement pr\u00e9vus au d\u00e9part. \u00a0Nous en avons ainsi choisi trois :<\/p>\n<ul>\n<li>Exp\u00e9rimenter\u00a0 au plan de la cr\u00e9ation interactive et collaborative<\/li>\n<li>Innover dans le champ de la nanolitt\u00e9rature<\/li>\n<li>Anticiper des transpositions p\u00e9dagogiques possibles<\/li>\n<\/ul>\n<p style=\"text-align: justify;\">Tous les documents remis aux participants ce jour-l\u00e0 figurent, en plus du diaporama,\u00a0sur la page Google ci-jointe. Nous souhaitons qu&rsquo;ils puissent \u00e9ventuellement vous \u00eatre utiles.<\/p>\n<h5 style=\"text-align: center;\"><a href=\"https:\/\/docs.google.com\/document\/d\/11_3KdezOCXZ9Fl7GDlAAUCg5okXxTcOQkg-RiFAEZHA\/edit?hl=fr\" target=\"_blank\"><img decoding=\"async\" loading=\"lazy\" class=\"size-full wp-image-2021 alignnone\" title=\"google\" src=\"http:\/\/eclectico.effetdesurprise.qc.ca\/wp-content\/uploads\/2011\/11\/google.png\" alt=\"\" width=\"52\" height=\"52\" \/><\/a> <a href=\"https:\/\/docs.google.com\/document\/d\/11_3KdezOCXZ9Fl7GDlAAUCg5okXxTcOQkg-RiFAEZHA\/edit?hl=fr\" target=\"_blank\">Acc\u00e8s<\/a><\/h5>\n<p style=\"text-align: justify;\"><strong>Gestion de l\u2019incertitude<\/strong><\/p>\n<p style=\"text-align: justify;\"><a href=\"http:\/\/eclectico.effetdesurprise.qc.ca\/wp-content\/uploads\/2011\/11\/jedoute.png\"><img decoding=\"async\" loading=\"lazy\" class=\"alignright size-full wp-image-2003\" title=\"jedoute\" src=\"http:\/\/eclectico.effetdesurprise.qc.ca\/wp-content\/uploads\/2011\/11\/jedoute.png\" alt=\"\" width=\"131\" height=\"189\" \/><\/a>En lan\u00e7ant ce projet, nous ignorions \u00a0au d\u00e9part combien de temps durerait l\u2019exp\u00e9rience\u00a0 et m\u00eame \u00a0dans quelle mesure elle \u00a0serait concluante. Combien y aurait-il de chapitres, quelle serait l\u2019histoire, quels seraient les personnages, en quels lieux et \u00e0 quelle \u00e9poque se d\u00e9roulerait la fiction? Ce qui m\u2019int\u00e9ressait davantage, c\u2019\u00e9tait le recours \u00e0 une contrainte oulipienne pour centrer l\u2019attention des collaborateurs sur la langue comme mat\u00e9riau constitutif.<\/p>\n<p style=\"text-align: justify;\">Georges Perec, lu avec admiration il y a bien longtemps, s\u2019est impos\u00e9 \u00e0 mon esprit puisque son roman <em><a href=\"http:\/\/fr.wikipedia.org\/wiki\/La_Disparition_(roman)\" target=\"_blank\">La Disparition<\/a><\/em> fait partie des curiosit\u00e9s litt\u00e9raires que j\u2019ai rassembl\u00e9es au fil des ans. M\u00eame si la lettre E est la plus fr\u00e9quente du fran\u00e7ais <a href=\" http:\/\/fr.wikipedia.org\/wiki\/Fr\u00e9quence_d'apparition_des_lettres_en_fran\u00e7ais \" target=\"_blank\">(14,7%)<\/a>, il a r\u00e9ussi \u00a0\u00e0 cr\u00e9er un roman de 311 pages en quatre ans, sans\u00a0 y avoir recours (parution chez Deno\u00ebl en 1969). J\u2019y ai vu un beau d\u00e9fi \u00e0 relever collectivement sur Twitter. Rapidement, \u00a0 un processus de cocr\u00e9ation heuristique s&rsquo;est \u00a0enclench\u00e9 puisqu\u2019il s\u2019agissait d\u2018embl\u00e9e de faire confiance \u00e0 tout le monde sans savoir qui participerait ni \u00e0 quelle fr\u00e9quence, en ignorant \u00e9galement si l\u2019entreprise serait prise au s\u00e9rieux. J&rsquo;avoue que le processus m\u2019int\u00e9ressait alors davantage que le produit encore <a href=\"http:\/\/eclectico.effetdesurprise.qc.ca\/wp-content\/uploads\/2011\/11\/stats.png\"><img decoding=\"async\" loading=\"lazy\" class=\"alignleft size-medium wp-image-2026\" title=\"stats\" src=\"http:\/\/eclectico.effetdesurprise.qc.ca\/wp-content\/uploads\/2011\/11\/stats-300x221.png\" alt=\"\" width=\"300\" height=\"221\" srcset=\"https:\/\/eclectico.effetdesurprise.qc.ca\/wp-content\/uploads\/2011\/11\/stats-300x221.png 300w, https:\/\/eclectico.effetdesurprise.qc.ca\/wp-content\/uploads\/2011\/11\/stats.png 846w\" sizes=\"(max-width: 300px) 100vw, 300px\" \/><\/a>indistinct qui a \u00e9merg\u00e9 peu \u00e0 peu.\u00a0 \u00a0Certes, j\u2019ai\u00a0 voulu restreindre\u00a0\u00a0 la participation en misant sur la difficult\u00e9 de la contrainte, \u00a0l&rsquo;inscription dans la continuit\u00e9, l\u2019insertion des gazouillis au bon moment sur le fil, etc. Heureusement que la\u00a0 communaut\u00e9 twitterienne a fort bien particip\u00e9. Non seulement elle a r\u00e9pondu positivement \u00e0 l\u2019invitation lanc\u00e9e,\u00a0<strong> <\/strong>mais elle a soutenu manifestement ce projet.\u00a0En plus d\u2019avoir observ\u00e9 un net engagement individuel puisque 24 personnes d&rsquo;ici et d&rsquo;ailleurs se sont activement impliqu\u00e9es, \u00a0j&rsquo;ai constat\u00e9 qu&rsquo;il y a eu beaucoup d\u2019observation participante ou cautionnante. Parfois, il faut consentir \u00e0 vivre \u00a0entre nous au pr\u00e9alable un processus d&rsquo;investigation avant de songer \u00e0 le transposer en classe. Voil\u00e0 pourquoi les diff\u00e9rentes \u00e9tapes de production ayant \u00e9merg\u00e9 peuvent gagner \u00e0 \u00eatre \u00a0mises en relief et partag\u00e9es.<\/p>\n<p><span style=\"color: #000000; line-height: 23px;\"><strong> Les \u00e9tapes du projet<\/strong><\/span><\/p>\n<p style=\"text-align: justify;\"><a href=\"http:\/\/eclectico.effetdesurprise.qc.ca\/wp-content\/uploads\/2011\/11\/etapes.png\"><img decoding=\"async\" loading=\"lazy\" class=\"size-full wp-image-2004 alignright\" title=\"etapes\" src=\"http:\/\/eclectico.effetdesurprise.qc.ca\/wp-content\/uploads\/2011\/11\/etapes.png\" alt=\"\" width=\"107\" height=\"195\" \/><\/a>On dit que la n\u00e9cessit\u00e9 est la m\u00e8re de l\u2019invention et c&rsquo;est dans cet esprit qu&rsquo;une liste de \u00ab<em> comment \u00a0dois-je m\u2019y prendre?<\/em> \u00bb a surgi induisant un climat constant de r\u00e9solution de probl\u00e8mes au cours des\u00a0 six semaines de cor\u00e9daction des six chapitres du twitteroman. \u00a0Si j\u2019analyse ce qui a \u00e9t\u00e9 fait, des op\u00e9rations se sont d\u00e9roul\u00e9es non seulement sur Twitter, mais \u00a0\u00e9galement sur ce blogue\u00a0 et, parall\u00e8lement, \u00a0 au traitement de texte\u00a0: une triade interd\u00e9pendante et compl\u00e9mentaire. Le r\u00e9sultat fut la production d\u2019un chapitre par semaine, car cette dur\u00e9e est apparue suffisante pour maintenir l\u2019int\u00e9r\u00eat et permettre une publication continue du twitteroman. Voici chronologiquement les principales \u00e9tapes de prise en compte de l\u2019\u00e9ph\u00e9m\u00e8re pour lui conf\u00e9rer une mat\u00e9rialit\u00e9 relative\u00a0:<\/p>\n<h5>1- Annoncer le projet sur Twitter en incluant un mot-clic. (<a href=\"http:\/\/eclectico.effetdesurprise.qc.ca\/?p=164 \" target=\"_blank\">Invitation<\/a>)<\/h5>\n<h5>2 &#8211; R\u00e9diger \u00a0le premier gazouillis suivi du mot-clic et m\u00eame plusieurs gazouillis de suite pour bien lancer le projet\u00a0 et pour tenir compte du 140 caract\u00e8res (mot-clic inclus).<\/h5>\n<h5>3- Ouvrir parall\u00e8lement un document Word pour\u00a0 y transposer\u00a0r\u00e9guli\u00e8rement\u00a0les\u00a0 traces int\u00e9grales des gazouillis et\u00a0 leur provenance (@pseudos) et le garder \u00e0 jour. (Voir, \u00e0 titre d&rsquo;exemple, \u00a0sur la page Google le cumul des gazouillis du chapitre 2)<\/h5>\n<h5>4-Fusionner les\u00a0 gazouillis en omettant les noms de leurs auteurs et en les apposant les uns \u00e0 la suite des autres dans un autre document Word \u00a0devant \u00eatre transpos\u00e9 en brouillon sur le blogue.(Voir cette \u00e9tape dans le diaporama.)<\/h5>\n<h5>5-Relancer \u00a0de temps \u00e0 autre le projet en r\u00e9ajustant\u00a0 le tir au besoin.\u00a0Ne pas h\u00e9siter \u00e0 participer souvent, principalement lorsque quelques heures se sont \u00e9coul\u00e9es depuis la parution du dernier \u00a0tweet.<\/h5>\n<h5>6- Annoncer \u00e0 quel moment le chapitre en cours se terminera, la fin du chapitre et l\u2019interruption provisoire du roman.<\/h5>\n<h5><a href=\"http:\/\/eclectico.effetdesurprise.qc.ca\/wp-content\/uploads\/2011\/11\/fusionnement.png\"><img decoding=\"async\" loading=\"lazy\" class=\"alignleft\" title=\"fusionnement\" src=\"http:\/\/eclectico.effetdesurprise.qc.ca\/wp-content\/uploads\/2011\/11\/fusionnement-300x223.png\" alt=\"\" width=\"300\" height=\"223\" \/><\/a>7- Finaliser dans WordPress \u00a0le texte collectif en ajustant la ponctuation, en ins\u00e9rant\u00a0 des paragraphes, en \u00a0incluant les modifications demand\u00e9es\/obtenues aupr\u00e8s des collaborateurs concern\u00e9s par l&rsquo;entremise de \u00a0messages directs sur Twitter.<\/h5>\n<h5>8-Trouver et inclure des illustrations inspirantes \u00e0 des endroits strat\u00e9giques.<\/h5>\n<h5>9- Trouver et ins\u00e9rer \u00a0les hyperliens souhait\u00e9s (clips vid\u00e9os, informations cr\u00e9dibles) et v\u00e9rifier leur fonctionnement\u00a0 en pr\u00e9visualisation.<\/h5>\n<h5>10- Mentionner \u00e0 la \u00a0fin de l&rsquo;\u00e9crit collectif les \u00a0@pseudos des divers collaborateurs.<\/h5>\n<h5>11-Publier et annoncer \u00a0sur Twitter la parution \u00a0du texte collectif. En profiter pour remercier\u00a0les divers\u00a0 collaborateurs \u00a0en indiquant le lien vers le \u00a0blogue.<\/h5>\n<h5>12- Annoncer sur Twitter\u00a0 l\u2019ouverture du chapitre suivant, le commencer (voir \u00e9tape 2)\u00a0ou s\u2019assurer que quelqu\u2019un d\u2019autre le fasse au moment convenu.<\/h5>\n<h5 style=\"text-align: justify;\">13- Conclure le dernier chapitre au moment jug\u00e9 opportun et offrir le roman ainsi obtenu en epub en vue d&rsquo;une existence autonome hors du blogue.<\/h5>\n<h4><strong>Implications\u00a0 relatives \u00e0 l\u2019animation-production<\/strong><\/h4>\n<p style=\"text-align: justify;\"><a href=\"http:\/\/eclectico.effetdesurprise.qc.ca\/wp-content\/uploads\/2011\/03\/chef_orchestre.jpg\"><img decoding=\"async\" loading=\"lazy\" class=\"alignright size-full wp-image-678\" title=\"chef_orchestre\" src=\"http:\/\/eclectico.effetdesurprise.qc.ca\/wp-content\/uploads\/2011\/03\/chef_orchestre.jpg\" alt=\"\" width=\"160\" height=\"145\" \/><\/a>\u00c9tant donn\u00e9 le lancement sans filet\u00a0 de ce projet \u00e0 dur\u00e9e ind\u00e9termin\u00e9e sans r\u00e9sultats pr\u00e9visibles et la surgescence d\u2019un jeu d\u2019\u00e9mergences successives <em>(hyperliens, longueur, th\u00e9matique, intertitres et titre, \u00e9ch\u00e9ancier hebdomadaire, du blogue au livrel), <\/em>diverses d\u00e9couvertes sont survenues\u00a0n\u00e9cessitant la prise en note en continu des constats, des irritants et des bons coups. C&rsquo;est ainsi que \u00a0des \u00a0r\u00e9flexions parall\u00e8les\u00a0entrelac\u00e9es \u00e0 l\u2019exp\u00e9rimentation\u00a0\u00a0ont donn\u00e9 lieu \u00e0 des billets additionnels. La publication en alternance de ces r\u00e9flexions a\u00a0 soulev\u00e9 la n\u00e9cessit\u00e9 de faire ressortir des ancrages th\u00e9oriques et d\u2019esquisser des pistes didactiques. En t\u00e9moignent les <a href=\"http:\/\/eclectico.effetdesurprise.qc.ca\/?p=296\" target=\"_blank\">Quelques r\u00e9flexions liminaires<\/a> concernant le chapitre 1, les <a href=\"http:\/\/eclectico.effetdesurprise.qc.ca\/?p=591\" target=\"_blank\">Quelques r\u00e9flexions adjacentes<\/a> concernant les chapitres 2 et 3, de m\u00eame que les <a href=\"http:\/\/eclectico.effetdesurprise.qc.ca\/?p=980\" target=\"_blank\">R\u00e9flexions subs\u00e9quentes en guise de bilan<\/a> publi\u00e9es \u00e0 la suite des chapitres 4-5 et 6 du twitteroman. \u00a0On a donc pu observer :<\/p>\n<ul>\n<li>L\u2019importance de la contrainte oulipienne pour soutenir la cr\u00e9ativit\u00e9<\/li>\n<li>Le resserrement de l\u2019axe de lecture-\u00e9criture\u00a0(int\u00e9r\u00eat de l\u2019interactivit\u00e9)<\/li>\n<li>L\u2019irruption du texte courant dans le texte \u00e0 vis\u00e9e litt\u00e9raire<\/li>\n<li>Le traitement en hyperliens des r\u00e9f\u00e9rents culturels d\u2019ici et d\u2019ailleurs<\/li>\n<li>Le d\u00e9veloppement heuristique de la fiction interactive<\/li>\n<li>La pr\u00e9sence de la lecture tabulaire et hypertextuelle<\/li>\n<li>La confrontation des repr\u00e9sentations individuelles<\/li>\n<li>Les incidences p\u00e9dagogiques de la non-lin\u00e9arit\u00e9 et de la non concertation<\/li>\n<li>L\u2019\u00e9mergence de formes didactiques nouvelles<\/li>\n<li>La possibilit\u00e9 d\u2019\u00e9crire\/lire ensemble dans divers espaces-temps<\/li>\n<\/ul>\n<p><strong>Atteinte et d\u00e9passement des objectifs<\/strong><\/p>\n<p style=\"text-align: justify;\"><a href=\"http:\/\/eclectico.effetdesurprise.qc.ca\/wp-content\/uploads\/2011\/04\/couverture_romansansE.png\"><img decoding=\"async\" loading=\"lazy\" class=\"alignleft size-medium wp-image-1043\" title=\"couverture_romansansE\" src=\"http:\/\/eclectico.effetdesurprise.qc.ca\/wp-content\/uploads\/2011\/04\/couverture_romansansE-243x300.png\" alt=\"\" width=\"243\" height=\"300\" srcset=\"https:\/\/eclectico.effetdesurprise.qc.ca\/wp-content\/uploads\/2011\/04\/couverture_romansansE-243x300.png 243w, https:\/\/eclectico.effetdesurprise.qc.ca\/wp-content\/uploads\/2011\/04\/couverture_romansansE.png 426w\" sizes=\"(max-width: 243px) 100vw, 243px\" \/><\/a>Le projet a \u00e9t\u00e9 accompli au-del\u00e0 de mes attentes implicites. Andr\u00e9 Roux\u00a0 a mont\u00e9 le twitteroman <em>Tourbillon <\/em>en epub, ce qui donne un roman illustr\u00e9 de quelques dizaines de pages comprenant \u00e9galement des hyperliens, et qui peut d\u00e9sormais se pr\u00e9valoir d&rsquo;une existence autonome hors du blogue qui \u00a0l&rsquo;a vu na\u00eetre. \u00a0Rappelons qu&rsquo;il y a eu, par la suite, d&rsquo;autres projets collectifs d&rsquo;inspiration oulipiennne (mais \u00a0un peu plus modestes toutefois) et qui se sont \u00e9chelonn\u00e9s sur une semaine chacun\u00a0: <a href=\"http:\/\/eclectico.effetdesurprise.qc.ca\/?cat=29\" target=\"_blank\">monovocalisme<\/a> en E d\u2019abord, puis en A-I-O-U et <a href=\"http:\/\/eclectico.effetdesurprise.qc.ca\/?cat=29\" target=\"_blank\">tautogrammes<\/a> en duos (BD et TP). Peut-\u00eatre y en aura-t-il d&rsquo;autres, qui sait?<\/p>\n<p style=\"text-align: justify;\">En ce qui a trait aux incidences \u00e0 long terme, je r\u00eave \u00e0 des exp\u00e9rimentations diversifi\u00e9es \u00a0en milieu scolaire, que ce soit au secondaire ou au coll\u00e9gial, \u00a0en raison des \u00e9changes amorc\u00e9s lors de ce congr\u00e8s annuel ou survenus depuis ce moment. Actuellement, la nanolitt\u00e9rature semble avoir le vent dans les voiles puisque le MELS (Minist\u00e8re de l&rsquo;\u00c9ducation du Qu\u00e9bec) vient tout juste de subventionner <a href=\"http:\/\/www.cyberpresse.ca\/le-soleil\/actualites\/education\/201111\/18\/01-4469464-la-twitterature-reconnue-par-le-ministere-de-leducation.php\" target=\"_blank\">une recherche-action<\/a> impliquant @<a href=\"http:\/\/twitter.com\/#!\/JYFrechette\" target=\"_blank\">JYFrechette<\/a> et @<a href=\"http:\/\/twitter.com\/#!\/Annierikiki\" target=\"_blank\">Annierikiki<\/a> alias @<a href=\"http:\/\/twitter.com\/#!\/AnnieSentiers\" target=\"_blank\">AnnieSentiers<\/a>. On peut donc s&rsquo;attendre \u00e0 ce que des pistes p\u00e9dagogiques\u00a0soient clairement identifi\u00e9es et exp\u00e9riment\u00e9es afin de contribuer \u00e0 baliser ces chemins de traverse d&rsquo;une nouvelle forme d&rsquo;\u00e9criture fragment\u00e9e mais pouvant, par moments, se r\u00e9unifier.<\/p>\n<h6 style=\"text-align: justify;\"><strong>En guise de partage : <\/strong>Grand merci \u00e0 vous tous, tr\u00e8s pr\u00e9cieux collaborateurs, \u00a0sans qui rien n&rsquo;aurait \u00e9t\u00e9 possible. Je suis touch\u00e9e que @<a href=\"http:\/\/twitter.com\/#!\/JYFrechette\" target=\"_blank\">JYFrechette<\/a> ait \u00a0reconnu l&rsquo;int\u00e9r\u00eat de ce projet collectif : \u00ab\u00a0Ton apport \u00e0 la twitt\u00e9rature aura permis au corpus qu\u00e9b\u00e9cois de se signaler par une st\u00e8le d&rsquo;originalit\u00e9 : celle de l&rsquo;oulipisation (sic) des projets d&rsquo;\u00e9criture dans Twitter sur un mode collaboratif. (\u2026) De tout rassembler dans une d\u00e9marche twitt\u00e9rienne (les consignes oulipiennes et Twitter) cela marque une borne au-del\u00e0 de laquelle nul ne s&rsquo;\u00e9tait jamais encore commis. Cette sp\u00e9cificit\u00e9 proprement qu\u00e9b\u00e9coise porte d\u00e9sormais ta signature. Nous devons te la reconna\u00eetre puisqu&rsquo;il s&rsquo;est agi d&rsquo;amalgamer Queneau, Perec et cie avec l&rsquo;esprit m\u00eame du Web 2.0 qui se targue par ailleurs de collaboration par-ci et de communaut\u00e9 de pratique par-l\u00e0 sans presque jamais proposer de d\u00e9marche concr\u00e8te. Et tout \u00e7a sans compter l&rsquo;apport th\u00e9orique extr\u00eamement pr\u00e9cieux que tu offres dans ton blogue. (Jean-Yves Fr\u00e9chette, courriel du 13 juillet 2011)<\/h6>\n","protected":false},"excerpt":{"rendered":"<p>Contexte exploratoire Avec le recul de quelques mois, je me rends \u00a0compte \u00e0 quel point cette \u00a0coconstruction d\u00e9veloppementale d&rsquo; un twitteroman collectif \u00e9tait risqu\u00e9e. D\u2019o\u00f9 m\u2019\u00e9tait venue cette id\u00e9e folle? \u00a0L\u2019OuLiPo c\u00e9l\u00e9brait en 2011 son demi-si\u00e8cle d\u2019existence et je tenais &hellip; <a href=\"https:\/\/eclectico.effetdesurprise.qc.ca\/?p=1978\">Continuer la lecture <span class=\"meta-nav\">&rarr;<\/span><\/a><\/p>\n","protected":false},"author":2,"featured_media":0,"comment_status":"open","ping_status":"open","sticky":false,"template":"","format":"standard","meta":[],"categories":[1],"tags":[36,44,14,54,24,27],"_links":{"self":[{"href":"https:\/\/eclectico.effetdesurprise.qc.ca\/index.php?rest_route=\/wp\/v2\/posts\/1978"}],"collection":[{"href":"https:\/\/eclectico.effetdesurprise.qc.ca\/index.php?rest_route=\/wp\/v2\/posts"}],"about":[{"href":"https:\/\/eclectico.effetdesurprise.qc.ca\/index.php?rest_route=\/wp\/v2\/types\/post"}],"author":[{"embeddable":true,"href":"https:\/\/eclectico.effetdesurprise.qc.ca\/index.php?rest_route=\/wp\/v2\/users\/2"}],"replies":[{"embeddable":true,"href":"https:\/\/eclectico.effetdesurprise.qc.ca\/index.php?rest_route=%2Fwp%2Fv2%2Fcomments&post=1978"}],"version-history":[{"count":79,"href":"https:\/\/eclectico.effetdesurprise.qc.ca\/index.php?rest_route=\/wp\/v2\/posts\/1978\/revisions"}],"predecessor-version":[{"id":2062,"href":"https:\/\/eclectico.effetdesurprise.qc.ca\/index.php?rest_route=\/wp\/v2\/posts\/1978\/revisions\/2062"}],"wp:attachment":[{"href":"https:\/\/eclectico.effetdesurprise.qc.ca\/index.php?rest_route=%2Fwp%2Fv2%2Fmedia&parent=1978"}],"wp:term":[{"taxonomy":"category","embeddable":true,"href":"https:\/\/eclectico.effetdesurprise.qc.ca\/index.php?rest_route=%2Fwp%2Fv2%2Fcategories&post=1978"},{"taxonomy":"post_tag","embeddable":true,"href":"https:\/\/eclectico.effetdesurprise.qc.ca\/index.php?rest_route=%2Fwp%2Fv2%2Ftags&post=1978"}],"curies":[{"name":"wp","href":"https:\/\/api.w.org\/{rel}","templated":true}]}}